{"id":372,"date":"2023-12-01T08:45:15","date_gmt":"2023-12-01T08:45:15","guid":{"rendered":"https:\/\/tp1.forschungsgruppe-pronomen.de\/?p=372"},"modified":"2024-03-20T17:15:28","modified_gmt":"2024-03-20T17:15:28","slug":"neue-veroeffentlichung","status":"publish","type":"post","link":"https:\/\/tp4.forschungsgruppe-pronomen.de\/en\/neue-veroeffentlichung\/","title":{"rendered":"Recent project-related publications"},"content":{"rendered":"<p>The following volumes with project-related papers were published in 2023 and 2024:<\/p>\n\n\n\n<p>Imo, Wolfgang \/ Wesche, J\u00f6rg (2024): Sprechen und Gespr\u00e4ch in historischer Perspektive &#8211; Sprach- und literaturwissenschaftliche Zug\u00e4nge. LiLi, Band 7. Stuttgart: Metzler.<\/p>\n\n\n\n<p>Imo, Wolfgang \/ Wesche, J\u00f6rg (2023): Interaktionale Sprache im Dramenwerk von Andreas Gryphius. Literatur- und sprachwissenschaftliche Studien. T\u00fcbingen: Winter.<\/p>","protected":false},"excerpt":{"rendered":"<p>Folgende Sammelb\u00e4nde mit einschl\u00e4gigen projektrelevanten Vorarbeiten sind 2023 und 2024 erschienen: Imo, Wolfgang \/ Wesche, J\u00f6rg (2024): Sprechen und Gespr\u00e4ch in historischer Perspektive &#8211; Sprach- und literaturwissenschaftliche Zug\u00e4nge. LiLi, Band 7. Stuttgart: Metzler. Imo, Wolfgang \/ Wesche, J\u00f6rg (2023): Interaktionale Sprache im Dramenwerk von Andreas Gryphius. Literatur- und sprachwissenschaftliche Studien. T\u00fcbingen: Winter.<\/p>","protected":false},"author":1,"featured_media":375,"comment_status":"open","ping_status":"open","sticky":false,"template":"","format":"standard","meta":{"site-container-style":"default","site-container-layout":"default","site-sidebar-layout":"default","disable-article-header":"default","disable-site-header":"default","disable-site-footer":"default","disable-content-area-spacing":"default","footnotes":""},"categories":[1],"tags":[],"class_list":["post-372","post","type-post","status-publish","format-standard","has-post-thumbnail","hentry","category-uncategorized"],"publishpress_future_action":{"enabled":false,"date":"2026-05-10 16:21:59","action":"change-status","newStatus":"draft","terms":[],"taxonomy":"category","extraData":[]},"publishpress_future_workflow_manual_trigger":{"enabledWorkflows":[]},"_links":{"self":[{"href":"https:\/\/tp4.forschungsgruppe-pronomen.de\/en\/wp-json\/wp\/v2\/posts\/372","targetHints":{"allow":["GET"]}}],"collection":[{"href":"https:\/\/tp4.forschungsgruppe-pronomen.de\/en\/wp-json\/wp\/v2\/posts"}],"about":[{"href":"https:\/\/tp4.forschungsgruppe-pronomen.de\/en\/wp-json\/wp\/v2\/types\/post"}],"author":[{"embeddable":true,"href":"https:\/\/tp4.forschungsgruppe-pronomen.de\/en\/wp-json\/wp\/v2\/users\/1"}],"replies":[{"embeddable":true,"href":"https:\/\/tp4.forschungsgruppe-pronomen.de\/en\/wp-json\/wp\/v2\/comments?post=372"}],"version-history":[{"count":3,"href":"https:\/\/tp4.forschungsgruppe-pronomen.de\/en\/wp-json\/wp\/v2\/posts\/372\/revisions"}],"predecessor-version":[{"id":501,"href":"https:\/\/tp4.forschungsgruppe-pronomen.de\/en\/wp-json\/wp\/v2\/posts\/372\/revisions\/501"}],"wp:featuredmedia":[{"embeddable":true,"href":"https:\/\/tp4.forschungsgruppe-pronomen.de\/en\/wp-json\/wp\/v2\/media\/375"}],"wp:attachment":[{"href":"https:\/\/tp4.forschungsgruppe-pronomen.de\/en\/wp-json\/wp\/v2\/media?parent=372"}],"wp:term":[{"taxonomy":"category","embeddable":true,"href":"https:\/\/tp4.forschungsgruppe-pronomen.de\/en\/wp-json\/wp\/v2\/categories?post=372"},{"taxonomy":"post_tag","embeddable":true,"href":"https:\/\/tp4.forschungsgruppe-pronomen.de\/en\/wp-json\/wp\/v2\/tags?post=372"}],"curies":[{"name":"wp","href":"https:\/\/api.w.org\/{rel}","templated":true}]}}